{"id":1768,"date":"2025-02-13T13:18:47","date_gmt":"2025-02-13T13:18:47","guid":{"rendered":"https:\/\/zasdigital.com\/?p=1768"},"modified":"2025-02-13T13:18:47","modified_gmt":"2025-02-13T13:18:47","slug":"como-aprovechar-el-14-de-febrero-para-agradecer-y-conectar-con-tu-audiencia-%f0%9f%92%8c%f0%9f%92%96","status":"publish","type":"post","link":"https:\/\/zasdigital.com\/en\/2025\/02\/13\/como-aprovechar-el-14-de-febrero-para-agradecer-y-conectar-con-tu-audiencia-%f0%9f%92%8c%f0%9f%92%96\/","title":{"rendered":"C\u00f3mo Aprovechar el 14 de Febrero para Agradecer y Conectar con tu Audiencia \ud83d\udc8c\ud83d\udc96"},"content":{"rendered":"<p>El 14 de febrero no solo es una fecha comercial, sino tambi\u00e9n una gran oportunidad para <strong>fortalecer la relaci\u00f3n con tu audiencia<\/strong> y demostrarles cu\u00e1nto valoras su apoyo. M\u00e1s all\u00e1 de las ventas, <strong>las marcas que logran fidelizar a sus clientes a trav\u00e9s de la conexi\u00f3n emocional son las que generan relaciones duraderas y aut\u00e9nticas<\/strong>.<\/p>\n\n\n\n<p>Si quer\u00e9s aprovechar <strong>San Valent\u00edn<\/strong> para agradecer y conectar con tu comunidad, aqu\u00ed te dejamos algunas ideas para hacerlo de manera aut\u00e9ntica. <strong>\u00a1Vamos a ello!<\/strong> \ud83c\udfaf<\/p>\n\n\n\n<hr class=\"wp-block-separator has-alpha-channel-opacity\"\/>\n\n\n\n<h2 class=\"wp-block-heading\"><strong>1\ufe0f\u20e3 Un Mensaje de Agradecimiento Personalizado \ud83d\udc8c<\/strong><\/h2>\n\n\n\n<p>Aprovech\u00e1 esta fecha para <strong>enviar un mensaje especial<\/strong> a tu comunidad. Puede ser un post en redes, un video corto, un email o incluso una carta digital.<\/p>\n\n\n\n<h3 class=\"wp-block-heading\"><strong>Ejemplo de Mensaje de Agradecimiento:<\/strong><\/h3>\n\n\n\n<p>\ud83d\udc96 <em>\u00abHoy queremos tomarnos un momento para agradecerte. Gracias por confiar en nosotros, por cada like, comentario y compra, pero sobre todo, por ser parte de esta comunidad. Sin vos, nada de esto ser\u00eda posible. \u00a1Te queremos!\u00bb<\/em><\/p>\n\n\n\n<p>\ud83d\udc49 <strong>Tip:<\/strong> Agreg\u00e1 el toque personal firmando con el nombre del equipo o due\u00f1o de la marca para hacerlo m\u00e1s cercano.<\/p>\n\n\n\n<hr class=\"wp-block-separator has-alpha-channel-opacity\"\/>\n\n\n\n<h2 class=\"wp-block-heading\"><strong>2\ufe0f\u20e3 Crea una Publicaci\u00f3n Especial en Redes Sociales \ud83d\udcf2\ud83d\udc9e<\/strong><\/h2>\n\n\n\n<p>San Valent\u00edn es una excelente oportunidad para compartir un mensaje positivo con tu audiencia. Pod\u00e9s hacerlo con una imagen, un carrusel o un reel emotivo.<\/p>\n\n\n\n<h3 class=\"wp-block-heading\"><strong>Ideas de Publicaciones:<\/strong><\/h3>\n\n\n\n<p>\u2705 <strong>Frases de agradecimiento:<\/strong> <em>\u00abGracias por ser parte de nuestra historia \ud83d\udc95.\u00bb<\/em><br>\u2705 <strong>Historias de clientes:<\/strong> Compart\u00ed un testimonio de alguien que haya tenido una gran experiencia con tu marca.<br>\u2705 <strong>Post interactivo:<\/strong> Ped\u00ed a tu comunidad que etiquete a alguien especial con quien comparten el amor por tu marca.<\/p>\n\n\n\n<p>\ud83d\udc49 <strong>Tip:<\/strong> Cre\u00e1 una imagen con un dise\u00f1o especial para la fecha con colores c\u00e1lidos y mensajes emotivos.<\/p>\n\n\n\n<hr class=\"wp-block-separator has-alpha-channel-opacity\"\/>\n\n\n\n<h2 class=\"wp-block-heading\"><strong>3\ufe0f\u20e3 Organiza una Acci\u00f3n Especial para Tu Comunidad \ud83c\udf81<\/strong><\/h2>\n\n\n\n<p>Si quer\u00e9s ir un paso m\u00e1s all\u00e1, pod\u00e9s hacer <strong>una acci\u00f3n de fidelizaci\u00f3n<\/strong> para premiar a tu comunidad por su apoyo.<\/p>\n\n\n\n<h3 class=\"wp-block-heading\"><strong>Ideas de Acciones Especiales:<\/strong><\/h3>\n\n\n\n<p>\ud83c\udf81 <strong>Sorteo de agradecimiento:<\/strong> No para vender, sino para premiar a tus seguidores m\u00e1s fieles.<br>\ud83c\udfa5 <strong>Live en redes sociales:<\/strong> Un encuentro para hablar con tu comunidad, responder dudas y compartir un momento especial.<br>\ud83d\udc8c <strong>Env\u00edo de postales digitales personalizadas:<\/strong> Si ten\u00e9s una base de clientes, pod\u00e9s enviarles una tarjeta con un mensaje especial.<\/p>\n\n\n\n<p>\ud83d\udc49 <strong>Tip:<\/strong> Si eleg\u00eds hacer un sorteo, no lo enfoques en productos, sino en <strong>experiencias<\/strong> que refuercen la conexi\u00f3n, como un regalo simb\u00f3lico o una carta escrita a mano.<\/p>\n\n\n\n<hr class=\"wp-block-separator has-alpha-channel-opacity\"\/>\n\n\n\n<h2 class=\"wp-block-heading\"><strong>4\ufe0f\u20e3 Crea Contenido de Valor para Inspirar \ud83d\udca1<\/strong><\/h2>\n\n\n\n<p>San Valent\u00edn es el momento ideal para compartir contenido que conecte desde lo emocional. Pod\u00e9s generar material inspirador relacionado con los valores de tu marca.<\/p>\n\n\n\n<h3 class=\"wp-block-heading\"><strong>Ejemplos de Contenido Inspirador:<\/strong><\/h3>\n\n\n\n<p>\ud83d\udc9e <strong>Historias de amor por la marca:<\/strong> Relatos de clientes o an\u00e9cdotas sobre c\u00f3mo tu negocio ha impactado en sus vidas.<br>\ud83d\udcdd <strong>Listas creativas:<\/strong> \u201c5 formas de demostrar amor en el d\u00eda a d\u00eda sin gastar dinero.\u201d<br>\ud83d\udcd6 <strong>Reflexiones sobre la gratitud y la comunidad:<\/strong> \u201cPor qu\u00e9 estar agradecidos fortalece los lazos entre marcas y clientes.\u201d<\/p>\n\n\n\n<p>\ud83d\udc49 <strong>Tip:<\/strong> Adapt\u00e1 el contenido a tu tono de marca para que se sienta aut\u00e9ntico y cercano.<\/p>\n\n\n\n<hr class=\"wp-block-separator has-alpha-channel-opacity\"\/>\n\n\n\n<h2 class=\"wp-block-heading\"><strong>5\ufe0f\u20e3 Responde a Tu Comunidad con Cari\u00f1o y Cercan\u00eda \ud83e\udd1d<\/strong><\/h2>\n\n\n\n<p>El 14 de febrero es una gran oportunidad para <strong>humanizar tu marca<\/strong> y fortalecer el v\u00ednculo con tu audiencia.<\/p>\n\n\n\n<p>\u2728 <strong>Tomate el tiempo para responder cada comentario con un mensaje c\u00e1lido y personalizado.<\/strong><br>\ud83d\udcac <strong>Public\u00e1 historias interactuando con la comunidad:<\/strong> Preguntas como \u201c\u00bfQu\u00e9 es lo que m\u00e1s valor\u00e1s de nuestra comunidad?\u201d pueden generar respuestas emotivas.<br>\ud83c\udfa4 <strong>Haz encuestas o preguntas en historias:<\/strong> \u201cSi pudieras pedirnos un deseo para este a\u00f1o, \u00bfqu\u00e9 ser\u00eda?\u201d<\/p>\n\n\n\n<p>\ud83d\udc49 <strong>Tip:<\/strong> \u00a1El amor es rec\u00edproco! Si alguien menciona a tu marca con un mensaje especial, compartilo en tus historias.<\/p>\n\n\n\n<hr class=\"wp-block-separator has-alpha-channel-opacity\"\/>\n\n\n\n<h2 class=\"wp-block-heading\"><strong>Conclusi\u00f3n: San Valent\u00edn es un Momento para Crear V\u00ednculos, No Solo Ventas \u2764\ufe0f<\/strong><\/h2>\n\n\n\n<p>Aprovechar el 14 de febrero para <strong>agradecer y conectar con tu audiencia<\/strong> es una estrategia poderosa que fortalece la fidelidad a tu marca. M\u00e1s all\u00e1 de los productos, <strong>lo que realmente genera relaciones a largo plazo es el valor que aport\u00e1s y la conexi\u00f3n que cre\u00e1s con tu comunidad<\/strong>.<\/p>\n\n\n\n<p>\ud83d\udccc <strong>\u00bfC\u00f3mo vas a celebrar San Valent\u00edn con tu audiencia este a\u00f1o?<\/strong> \u00a1Dejanos tu comentario y contanos! \ud83d\udcac<\/p>\n\n\n\n<p>#SanValent\u00edn #Conexi\u00f3nConLaAudiencia #EstrategiasDeFidelizaci\u00f3n #ZASDigital<\/p>","protected":false},"excerpt":{"rendered":"<p>El 14 de febrero no solo es una fecha comercial, sino tambi\u00e9n una gran oportunidad para fortalecer la relaci\u00f3n con tu audiencia y demostrarles cu\u00e1nto valoras su apoyo. M\u00e1s all\u00e1&#8230;<\/p>","protected":false},"author":2,"featured_media":1769,"comment_status":"open","ping_status":"open","sticky":false,"template":"","format":"standard","meta":{"footnotes":""},"categories":[110],"tags":[],"class_list":{"0":"post-1768","1":"post","2":"type-post","3":"status-publish","4":"format-standard","5":"has-post-thumbnail","7":"category-fechas-especiales"},"_links":{"self":[{"href":"https:\/\/zasdigital.com\/en\/wp-json\/wp\/v2\/posts\/1768","targetHints":{"allow":["GET"]}}],"collection":[{"href":"https:\/\/zasdigital.com\/en\/wp-json\/wp\/v2\/posts"}],"about":[{"href":"https:\/\/zasdigital.com\/en\/wp-json\/wp\/v2\/types\/post"}],"author":[{"embeddable":true,"href":"https:\/\/zasdigital.com\/en\/wp-json\/wp\/v2\/users\/2"}],"replies":[{"embeddable":true,"href":"https:\/\/zasdigital.com\/en\/wp-json\/wp\/v2\/comments?post=1768"}],"version-history":[{"count":1,"href":"https:\/\/zasdigital.com\/en\/wp-json\/wp\/v2\/posts\/1768\/revisions"}],"predecessor-version":[{"id":1770,"href":"https:\/\/zasdigital.com\/en\/wp-json\/wp\/v2\/posts\/1768\/revisions\/1770"}],"wp:featuredmedia":[{"embeddable":true,"href":"https:\/\/zasdigital.com\/en\/wp-json\/wp\/v2\/media\/1769"}],"wp:attachment":[{"href":"https:\/\/zasdigital.com\/en\/wp-json\/wp\/v2\/media?parent=1768"}],"wp:term":[{"taxonomy":"category","embeddable":true,"href":"https:\/\/zasdigital.com\/en\/wp-json\/wp\/v2\/categories?post=1768"},{"taxonomy":"post_tag","embeddable":true,"href":"https:\/\/zasdigital.com\/en\/wp-json\/wp\/v2\/tags?post=1768"}],"curies":[{"name":"wp","href":"https:\/\/api.w.org\/{rel}","templated":true}]}}